{"id":1678,"date":"2021-09-28T11:37:30","date_gmt":"2021-09-28T09:37:30","guid":{"rendered":"http:\/\/floristes.cat\/tendencies-tardor-2021-balanced-biotope\/"},"modified":"2021-09-28T11:44:30","modified_gmt":"2021-09-28T09:44:30","slug":"tendencies-tardor-2021-balanced-biotope","status":"publish","type":"post","link":"https:\/\/floristes.cat\/es\/tendencies-tardor-2021-balanced-biotope\/","title":{"rendered":"Tendencias plantas oto\u00f1o 2021: Balanced Biotope"},"content":{"rendered":"\n<p>Una de las tendencias m\u00e1s claras en decoraci\u00f3n este 2021 es la de convertir nuestra casa en un espacio m\u00e1s c\u00f3modo, sostenible, acogedor y natural. La pandemia nos hizo pasar muchas horas en casa y nos hizo ver la necesidad de hacer algunos cambios para hacerla m\u00e1s confortable. Los colores fr\u00edos han dado paso a los colores tierra, que aportan calidez, relajaci\u00f3n y pureza. Se ha revalorizado la madera natural, la rejilla y en complementos todo lo hecho a mano. Por \u00faltimo un gesto sencillo y econ\u00f3mico, que busca poner la casa m\u00e1s verde y natural, ha llenado los hogares de flores y plantas para aportar pureza, frescura y vitalidad.<\/p>\n\n\n\n<p>El <a rel=\"noreferrer noopener\" href=\"https:\/\/www.flowercouncil.co.uk\/\" target=\"_blank\">Flower Council Holland<\/a>, la oficina holandesa de flores, ha seleccionado las plantas y flores que ser\u00e1n tendencia durante la temporada oto\u00f1o \/ invierno 2021 bajo el nombre BALANCES BIOTIPE. \u00bfQu\u00e9 significa este lema? Todos podemos hacer una contribuci\u00f3n positiva hacia el cambio clim\u00e1tico desde nuestro peque\u00f1o espacio, nuestra casa. Desde el Gremio le damos apoyo y acompa\u00f1amos este impulso con una campa\u00f1a a todas las florister\u00edas bajo el t\u00edtulo PLANTAS Y FLORES EN CASA.<\/p>\n\n\n\n<p>Estas son las plantas que ser\u00e1n tendencia este oto\u00f1o invierno seg\u00fan  el Flower Council Holland i el seu Balances Biotop:<\/p>\n\n\n\n<p><strong>Flores: <\/strong>Rose, Limonium, Gloriosa, Eryngium, Agave<\/p>\n\n\n\n<p><strong>Plantas de interior: <\/strong>Begonia, orquideas, pr\u00edmula acaualis, spathipulum y alocasias.<\/p>\n\n\n\n<p>Si quere\u00eds ver la galer\u00eda de im\u00e1gnes completa, realmente preciosas, clicad a<a rel=\"noreferrer noopener\" href=\"https:\/\/thetrendcollection.funnyhowflowersdothat.co.uk\/\" target=\"_blank\">qu\u00ed <\/a>y disfrutad!<\/p>\n","protected":false},"excerpt":{"rendered":"<p>Una de las tendencias m\u00e1s claras en decoraci\u00f3n este 2021 es la de convertir nuestra casa en un espacio m\u00e1s c\u00f3modo, sostenible, acogedor y natural. La pandemia nos hizo pasar muchas horas en casa y nos hizo ver la necesidad de hacer algunos cambios para hacerla m\u00e1s confortable. Los colores fr\u00edos han dado paso a &hellip;<\/p>\n","protected":false},"author":2,"featured_media":1673,"comment_status":"closed","ping_status":"closed","sticky":false,"template":"","format":"standard","meta":{"inline_featured_image":false,"_kad_blocks_custom_css":"","_kad_blocks_head_custom_js":"","_kad_blocks_body_custom_js":"","_kad_blocks_footer_custom_js":"","footnotes":""},"categories":[5],"tags":[],"class_list":{"0":"post-1678","1":"post","2":"type-post","3":"status-publish","4":"format-standard","5":"has-post-thumbnail","6":"hentry","7":"category-sin-categorizar","9":"with-featured-image"},"yoast_head":"<!-- This site is optimized with the Yoast SEO plugin v27.0 - https:\/\/yoast.com\/product\/yoast-seo-wordpress\/ -->\n<title>Tendencias plantas oto\u00f1o 2021: Balanced Biotope - Gremi de Floristes de Catalunya<\/title>\n<meta name=\"robots\" content=\"index, follow, max-snippet:-1, max-image-preview:large, max-video-preview:-1\" \/>\n<link rel=\"canonical\" href=\"https:\/\/floristes.cat\/es\/tendencies-tardor-2021-balanced-biotope\/\" \/>\n<meta property=\"og:locale\" content=\"es_ES\" \/>\n<meta property=\"og:type\" content=\"article\" \/>\n<meta property=\"og:title\" content=\"Tendencias plantas oto\u00f1o 2021: Balanced Biotope - Gremi de Floristes de Catalunya\" \/>\n<meta property=\"og:description\" content=\"Una de las tendencias m\u00e1s claras en decoraci\u00f3n este 2021 es la de convertir nuestra casa en un espacio m\u00e1s c\u00f3modo, sostenible, acogedor y natural. La pandemia nos hizo pasar muchas horas en casa y nos hizo ver la necesidad de hacer algunos cambios para hacerla m\u00e1s confortable. Los colores fr\u00edos han dado paso a &hellip;\" \/>\n<meta property=\"og:url\" content=\"https:\/\/floristes.cat\/es\/tendencies-tardor-2021-balanced-biotope\/\" \/>\n<meta property=\"og:site_name\" content=\"Gremi de Floristes de Catalunya\" \/>\n<meta property=\"article:publisher\" content=\"https:\/\/www.facebook.com\/gremifloristes\/\" \/>\n<meta property=\"article:published_time\" content=\"2021-09-28T09:37:30+00:00\" \/>\n<meta property=\"article:modified_time\" content=\"2021-09-28T09:44:30+00:00\" \/>\n<meta property=\"og:image\" content=\"https:\/\/floristes.cat\/wp-content\/uploads\/2021\/09\/tania-miron-umYxSxMncT4-unsplash.jpg\" \/>\n\t<meta property=\"og:image:width\" content=\"1920\" \/>\n\t<meta property=\"og:image:height\" content=\"2560\" \/>\n\t<meta property=\"og:image:type\" content=\"image\/jpeg\" \/>\n<meta name=\"author\" content=\"Dolors Roig\" \/>\n<meta name=\"twitter:card\" content=\"summary_large_image\" \/>\n<meta name=\"twitter:creator\" content=\"@GremiFloristesc\" \/>\n<meta name=\"twitter:site\" content=\"@GremiFloristesc\" \/>\n<meta name=\"twitter:label1\" content=\"Escrito por\" \/>\n\t<meta name=\"twitter:data1\" content=\"Dolors Roig\" \/>\n\t<meta name=\"twitter:label2\" content=\"Tiempo de lectura\" \/>\n\t<meta name=\"twitter:data2\" content=\"1 minuto\" \/>\n<script type=\"application\/ld+json\" class=\"yoast-schema-graph\">{\"@context\":\"https:\/\/schema.org\",\"@graph\":[{\"@type\":\"Article\",\"@id\":\"https:\/\/floristes.cat\/es\/tendencies-tardor-2021-balanced-biotope\/#article\",\"isPartOf\":{\"@id\":\"https:\/\/floristes.cat\/es\/tendencies-tardor-2021-balanced-biotope\/\"},\"author\":{\"name\":\"Dolors Roig\",\"@id\":\"https:\/\/floristes.cat\/#\/schema\/person\/145d6eee3b8074dd58dbbe60d5b07475\"},\"headline\":\"Tendencias plantas oto\u00f1o 2021: Balanced Biotope\",\"datePublished\":\"2021-09-28T09:37:30+00:00\",\"dateModified\":\"2021-09-28T09:44:30+00:00\",\"mainEntityOfPage\":{\"@id\":\"https:\/\/floristes.cat\/es\/tendencies-tardor-2021-balanced-biotope\/\"},\"wordCount\":263,\"publisher\":{\"@id\":\"https:\/\/floristes.cat\/#organization\"},\"image\":{\"@id\":\"https:\/\/floristes.cat\/es\/tendencies-tardor-2021-balanced-biotope\/#primaryimage\"},\"thumbnailUrl\":\"https:\/\/floristes.cat\/wp-content\/uploads\/2021\/09\/tania-miron-umYxSxMncT4-unsplash.jpg\",\"articleSection\":[\"Sin categorizar\"],\"inLanguage\":\"es\"},{\"@type\":\"WebPage\",\"@id\":\"https:\/\/floristes.cat\/es\/tendencies-tardor-2021-balanced-biotope\/\",\"url\":\"https:\/\/floristes.cat\/es\/tendencies-tardor-2021-balanced-biotope\/\",\"name\":\"Tendencias plantas oto\u00f1o 2021: Balanced Biotope - Gremi de Floristes de Catalunya\",\"isPartOf\":{\"@id\":\"https:\/\/floristes.cat\/#website\"},\"primaryImageOfPage\":{\"@id\":\"https:\/\/floristes.cat\/es\/tendencies-tardor-2021-balanced-biotope\/#primaryimage\"},\"image\":{\"@id\":\"https:\/\/floristes.cat\/es\/tendencies-tardor-2021-balanced-biotope\/#primaryimage\"},\"thumbnailUrl\":\"https:\/\/floristes.cat\/wp-content\/uploads\/2021\/09\/tania-miron-umYxSxMncT4-unsplash.jpg\",\"datePublished\":\"2021-09-28T09:37:30+00:00\",\"dateModified\":\"2021-09-28T09:44:30+00:00\",\"breadcrumb\":{\"@id\":\"https:\/\/floristes.cat\/es\/tendencies-tardor-2021-balanced-biotope\/#breadcrumb\"},\"inLanguage\":\"es\",\"potentialAction\":[{\"@type\":\"ReadAction\",\"target\":[\"https:\/\/floristes.cat\/es\/tendencies-tardor-2021-balanced-biotope\/\"]}]},{\"@type\":\"ImageObject\",\"inLanguage\":\"es\",\"@id\":\"https:\/\/floristes.cat\/es\/tendencies-tardor-2021-balanced-biotope\/#primaryimage\",\"url\":\"https:\/\/floristes.cat\/wp-content\/uploads\/2021\/09\/tania-miron-umYxSxMncT4-unsplash.jpg\",\"contentUrl\":\"https:\/\/floristes.cat\/wp-content\/uploads\/2021\/09\/tania-miron-umYxSxMncT4-unsplash.jpg\",\"width\":1920,\"height\":2560},{\"@type\":\"BreadcrumbList\",\"@id\":\"https:\/\/floristes.cat\/es\/tendencies-tardor-2021-balanced-biotope\/#breadcrumb\",\"itemListElement\":[{\"@type\":\"ListItem\",\"position\":1,\"name\":\"Inici\",\"item\":\"https:\/\/floristes.cat\/es\/\"},{\"@type\":\"ListItem\",\"position\":2,\"name\":\"Tendencias plantas oto\u00f1o 2021: Balanced Biotope\"}]},{\"@type\":\"WebSite\",\"@id\":\"https:\/\/floristes.cat\/#website\",\"url\":\"https:\/\/floristes.cat\/\",\"name\":\"Gremi de Floristes de Catalunya\",\"description\":\"Empreses que treballen amb flors, plantes naturals i artificials, elements complementaris i afins.\",\"publisher\":{\"@id\":\"https:\/\/floristes.cat\/#organization\"},\"potentialAction\":[{\"@type\":\"SearchAction\",\"target\":{\"@type\":\"EntryPoint\",\"urlTemplate\":\"https:\/\/floristes.cat\/?s={search_term_string}\"},\"query-input\":{\"@type\":\"PropertyValueSpecification\",\"valueRequired\":true,\"valueName\":\"search_term_string\"}}],\"inLanguage\":\"es\"},{\"@type\":\"Organization\",\"@id\":\"https:\/\/floristes.cat\/#organization\",\"name\":\"Gremi de Floristes de Catalunya\",\"url\":\"https:\/\/floristes.cat\/\",\"logo\":{\"@type\":\"ImageObject\",\"inLanguage\":\"es\",\"@id\":\"https:\/\/floristes.cat\/#\/schema\/logo\/image\/\",\"url\":\"https:\/\/floristes.cat\/wp-content\/uploads\/2019\/10\/Logo_gremi_floristes_catalunya.png\",\"contentUrl\":\"https:\/\/floristes.cat\/wp-content\/uploads\/2019\/10\/Logo_gremi_floristes_catalunya.png\",\"width\":96,\"height\":199,\"caption\":\"Gremi de Floristes de Catalunya\"},\"image\":{\"@id\":\"https:\/\/floristes.cat\/#\/schema\/logo\/image\/\"},\"sameAs\":[\"https:\/\/www.facebook.com\/gremifloristes\/\",\"https:\/\/x.com\/GremiFloristesc\",\"https:\/\/instagram.com\/somfloristes?igshid=2kfzf7ep7g0q\"]},{\"@type\":\"Person\",\"@id\":\"https:\/\/floristes.cat\/#\/schema\/person\/145d6eee3b8074dd58dbbe60d5b07475\",\"name\":\"Dolors Roig\",\"image\":{\"@type\":\"ImageObject\",\"inLanguage\":\"es\",\"@id\":\"https:\/\/floristes.cat\/#\/schema\/person\/image\/\",\"url\":\"https:\/\/secure.gravatar.com\/avatar\/984c667afa4d1c3679555a4acf7852db82e6dbb397e6a451bd505d675c69bdd8?s=96&d=mm&r=g\",\"contentUrl\":\"https:\/\/secure.gravatar.com\/avatar\/984c667afa4d1c3679555a4acf7852db82e6dbb397e6a451bd505d675c69bdd8?s=96&d=mm&r=g\",\"caption\":\"Dolors Roig\"}}]}<\/script>\n<!-- \/ Yoast SEO plugin. -->","yoast_head_json":{"title":"Tendencias plantas oto\u00f1o 2021: Balanced Biotope - Gremi de Floristes de Catalunya","robots":{"index":"index","follow":"follow","max-snippet":"max-snippet:-1","max-image-preview":"max-image-preview:large","max-video-preview":"max-video-preview:-1"},"canonical":"https:\/\/floristes.cat\/es\/tendencies-tardor-2021-balanced-biotope\/","og_locale":"es_ES","og_type":"article","og_title":"Tendencias plantas oto\u00f1o 2021: Balanced Biotope - Gremi de Floristes de Catalunya","og_description":"Una de las tendencias m\u00e1s claras en decoraci\u00f3n este 2021 es la de convertir nuestra casa en un espacio m\u00e1s c\u00f3modo, sostenible, acogedor y natural. La pandemia nos hizo pasar muchas horas en casa y nos hizo ver la necesidad de hacer algunos cambios para hacerla m\u00e1s confortable. Los colores fr\u00edos han dado paso a &hellip;","og_url":"https:\/\/floristes.cat\/es\/tendencies-tardor-2021-balanced-biotope\/","og_site_name":"Gremi de Floristes de Catalunya","article_publisher":"https:\/\/www.facebook.com\/gremifloristes\/","article_published_time":"2021-09-28T09:37:30+00:00","article_modified_time":"2021-09-28T09:44:30+00:00","og_image":[{"width":1920,"height":2560,"url":"https:\/\/floristes.cat\/wp-content\/uploads\/2021\/09\/tania-miron-umYxSxMncT4-unsplash.jpg","type":"image\/jpeg"}],"author":"Dolors Roig","twitter_card":"summary_large_image","twitter_creator":"@GremiFloristesc","twitter_site":"@GremiFloristesc","twitter_misc":{"Escrito por":"Dolors Roig","Tiempo de lectura":"1 minuto"},"schema":{"@context":"https:\/\/schema.org","@graph":[{"@type":"Article","@id":"https:\/\/floristes.cat\/es\/tendencies-tardor-2021-balanced-biotope\/#article","isPartOf":{"@id":"https:\/\/floristes.cat\/es\/tendencies-tardor-2021-balanced-biotope\/"},"author":{"name":"Dolors Roig","@id":"https:\/\/floristes.cat\/#\/schema\/person\/145d6eee3b8074dd58dbbe60d5b07475"},"headline":"Tendencias plantas oto\u00f1o 2021: Balanced Biotope","datePublished":"2021-09-28T09:37:30+00:00","dateModified":"2021-09-28T09:44:30+00:00","mainEntityOfPage":{"@id":"https:\/\/floristes.cat\/es\/tendencies-tardor-2021-balanced-biotope\/"},"wordCount":263,"publisher":{"@id":"https:\/\/floristes.cat\/#organization"},"image":{"@id":"https:\/\/floristes.cat\/es\/tendencies-tardor-2021-balanced-biotope\/#primaryimage"},"thumbnailUrl":"https:\/\/floristes.cat\/wp-content\/uploads\/2021\/09\/tania-miron-umYxSxMncT4-unsplash.jpg","articleSection":["Sin categorizar"],"inLanguage":"es"},{"@type":"WebPage","@id":"https:\/\/floristes.cat\/es\/tendencies-tardor-2021-balanced-biotope\/","url":"https:\/\/floristes.cat\/es\/tendencies-tardor-2021-balanced-biotope\/","name":"Tendencias plantas oto\u00f1o 2021: Balanced Biotope - Gremi de Floristes de Catalunya","isPartOf":{"@id":"https:\/\/floristes.cat\/#website"},"primaryImageOfPage":{"@id":"https:\/\/floristes.cat\/es\/tendencies-tardor-2021-balanced-biotope\/#primaryimage"},"image":{"@id":"https:\/\/floristes.cat\/es\/tendencies-tardor-2021-balanced-biotope\/#primaryimage"},"thumbnailUrl":"https:\/\/floristes.cat\/wp-content\/uploads\/2021\/09\/tania-miron-umYxSxMncT4-unsplash.jpg","datePublished":"2021-09-28T09:37:30+00:00","dateModified":"2021-09-28T09:44:30+00:00","breadcrumb":{"@id":"https:\/\/floristes.cat\/es\/tendencies-tardor-2021-balanced-biotope\/#breadcrumb"},"inLanguage":"es","potentialAction":[{"@type":"ReadAction","target":["https:\/\/floristes.cat\/es\/tendencies-tardor-2021-balanced-biotope\/"]}]},{"@type":"ImageObject","inLanguage":"es","@id":"https:\/\/floristes.cat\/es\/tendencies-tardor-2021-balanced-biotope\/#primaryimage","url":"https:\/\/floristes.cat\/wp-content\/uploads\/2021\/09\/tania-miron-umYxSxMncT4-unsplash.jpg","contentUrl":"https:\/\/floristes.cat\/wp-content\/uploads\/2021\/09\/tania-miron-umYxSxMncT4-unsplash.jpg","width":1920,"height":2560},{"@type":"BreadcrumbList","@id":"https:\/\/floristes.cat\/es\/tendencies-tardor-2021-balanced-biotope\/#breadcrumb","itemListElement":[{"@type":"ListItem","position":1,"name":"Inici","item":"https:\/\/floristes.cat\/es\/"},{"@type":"ListItem","position":2,"name":"Tendencias plantas oto\u00f1o 2021: Balanced Biotope"}]},{"@type":"WebSite","@id":"https:\/\/floristes.cat\/#website","url":"https:\/\/floristes.cat\/","name":"Gremi de Floristes de Catalunya","description":"Empreses que treballen amb flors, plantes naturals i artificials, elements complementaris i afins.","publisher":{"@id":"https:\/\/floristes.cat\/#organization"},"potentialAction":[{"@type":"SearchAction","target":{"@type":"EntryPoint","urlTemplate":"https:\/\/floristes.cat\/?s={search_term_string}"},"query-input":{"@type":"PropertyValueSpecification","valueRequired":true,"valueName":"search_term_string"}}],"inLanguage":"es"},{"@type":"Organization","@id":"https:\/\/floristes.cat\/#organization","name":"Gremi de Floristes de Catalunya","url":"https:\/\/floristes.cat\/","logo":{"@type":"ImageObject","inLanguage":"es","@id":"https:\/\/floristes.cat\/#\/schema\/logo\/image\/","url":"https:\/\/floristes.cat\/wp-content\/uploads\/2019\/10\/Logo_gremi_floristes_catalunya.png","contentUrl":"https:\/\/floristes.cat\/wp-content\/uploads\/2019\/10\/Logo_gremi_floristes_catalunya.png","width":96,"height":199,"caption":"Gremi de Floristes de Catalunya"},"image":{"@id":"https:\/\/floristes.cat\/#\/schema\/logo\/image\/"},"sameAs":["https:\/\/www.facebook.com\/gremifloristes\/","https:\/\/x.com\/GremiFloristesc","https:\/\/instagram.com\/somfloristes?igshid=2kfzf7ep7g0q"]},{"@type":"Person","@id":"https:\/\/floristes.cat\/#\/schema\/person\/145d6eee3b8074dd58dbbe60d5b07475","name":"Dolors Roig","image":{"@type":"ImageObject","inLanguage":"es","@id":"https:\/\/floristes.cat\/#\/schema\/person\/image\/","url":"https:\/\/secure.gravatar.com\/avatar\/984c667afa4d1c3679555a4acf7852db82e6dbb397e6a451bd505d675c69bdd8?s=96&d=mm&r=g","contentUrl":"https:\/\/secure.gravatar.com\/avatar\/984c667afa4d1c3679555a4acf7852db82e6dbb397e6a451bd505d675c69bdd8?s=96&d=mm&r=g","caption":"Dolors Roig"}}]}},"taxonomy_info":{"category":[{"value":5,"label":"Sin categorizar"}]},"featured_image_src_large":["https:\/\/floristes.cat\/wp-content\/uploads\/2021\/09\/tania-miron-umYxSxMncT4-unsplash-768x1024.jpg",768,1024,true],"author_info":{"display_name":"Dolors Roig","author_link":"https:\/\/floristes.cat\/es\/author\/gremifloristes\/"},"comment_info":0,"category_info":[{"term_id":5,"name":"Sin categorizar","slug":"sin-categorizar","term_group":0,"term_taxonomy_id":5,"taxonomy":"category","description":"","parent":0,"count":28,"filter":"raw","cat_ID":5,"category_count":28,"category_description":"","cat_name":"Sin categorizar","category_nicename":"sin-categorizar","category_parent":0}],"tag_info":false,"featured_image_src":"https:\/\/floristes.cat\/wp-content\/uploads\/2021\/09\/tania-miron-umYxSxMncT4-unsplash-600x400.jpg","featured_image_src_square":"https:\/\/floristes.cat\/wp-content\/uploads\/2021\/09\/tania-miron-umYxSxMncT4-unsplash-600x600.jpg","_links":{"self":[{"href":"https:\/\/floristes.cat\/es\/wp-json\/wp\/v2\/posts\/1678","targetHints":{"allow":["GET"]}}],"collection":[{"href":"https:\/\/floristes.cat\/es\/wp-json\/wp\/v2\/posts"}],"about":[{"href":"https:\/\/floristes.cat\/es\/wp-json\/wp\/v2\/types\/post"}],"author":[{"embeddable":true,"href":"https:\/\/floristes.cat\/es\/wp-json\/wp\/v2\/users\/2"}],"replies":[{"embeddable":true,"href":"https:\/\/floristes.cat\/es\/wp-json\/wp\/v2\/comments?post=1678"}],"version-history":[{"count":1,"href":"https:\/\/floristes.cat\/es\/wp-json\/wp\/v2\/posts\/1678\/revisions"}],"predecessor-version":[{"id":1681,"href":"https:\/\/floristes.cat\/es\/wp-json\/wp\/v2\/posts\/1678\/revisions\/1681"}],"wp:featuredmedia":[{"embeddable":true,"href":"https:\/\/floristes.cat\/es\/wp-json\/wp\/v2\/media\/1673"}],"wp:attachment":[{"href":"https:\/\/floristes.cat\/es\/wp-json\/wp\/v2\/media?parent=1678"}],"wp:term":[{"taxonomy":"category","embeddable":true,"href":"https:\/\/floristes.cat\/es\/wp-json\/wp\/v2\/categories?post=1678"},{"taxonomy":"post_tag","embeddable":true,"href":"https:\/\/floristes.cat\/es\/wp-json\/wp\/v2\/tags?post=1678"}],"curies":[{"name":"wp","href":"https:\/\/api.w.org\/{rel}","templated":true}]}}