{"id":2270,"date":"2022-04-28T10:49:18","date_gmt":"2022-04-28T08:49:18","guid":{"rendered":"https:\/\/floristes.cat\/regala-rams-amb-teatre\/"},"modified":"2026-02-17T12:17:50","modified_gmt":"2026-02-17T11:17:50","slug":"regala-rams-amb-teatre","status":"publish","type":"post","link":"https:\/\/floristes.cat\/es\/regala-rams-amb-teatre\/","title":{"rendered":"Regala un ramo y te llevamos al teatro"},"content":{"rendered":"\n<p>A trav\u00e9s de nuestras florister\u00edas\u00a0agremiadas\u00a0hemos lanzado una campa\u00f1a para que este D\u00cdA DE LA MADRE sea m\u00e1s especial. Comprando un ramo durante esta semana en la que celebramos el d\u00eda de la madre (1-5-22) obtendr\u00e1s un c\u00f3digo promocional para comprar dos entradas al precio de una para ir a ver la obra\u00a0FOREVER\u00a0YOUNG al teatro\u00a0Poliorama. Dirigida por el Tricicle es unos de los\u00a0\u00e9xitos de la temporada teatral, una comedia musical con grandes actores y las mejores canciones de nuestra vida.<\/p>\n\n\n\n<p><\/p>\n\n\n\n<p>\u00bfC\u00f3mo obtener el c\u00f3digo?<\/p>\n\n\n\n<p>Busca la floristeria agremiada m\u00e1s cercana <a href=\"https:\/\/www.google.com\/maps\/d\/u\/0\/edit?mid=1hcFd7Ef0gS2ARjK0g6pICVrovCY9ODOl&amp;ll=41.71052735263942%2C1.8981843999999937&amp;z=9\">a trav\u00e9s de este enlace<\/a> y te informar\u00e1n del c\u00f3digo descuento para la compra de las entradas. <\/p>\n\n\n\n<p>Promoci\u00f3n exclusiva para las florister\u00edas agremiadas y v\u00e1lida des del dia 1 hasta el 27 de mayo para las funciones de mi\u00e9rrcoles a viernes incluidos. <\/p>\n\n\n\n<p>Som floristes, somos cultura! Disfrutad del teatro y la belleza de las flores. <\/p>\n\n\n\n<figure class=\"wp-block-image size-large is-style-default\"><img loading=\"lazy\" decoding=\"async\" width=\"1024\" height=\"1024\" src=\"https:\/\/floristes.cat\/wp-content\/uploads\/2022\/04\/Flors-Teatre-2-1024x1024.png\" alt=\"\" class=\"wp-image-2264\" srcset=\"https:\/\/floristes.cat\/wp-content\/uploads\/2022\/04\/Flors-Teatre-2-1024x1024.png 1024w, https:\/\/floristes.cat\/wp-content\/uploads\/2022\/04\/Flors-Teatre-2-300x300.png 300w, https:\/\/floristes.cat\/wp-content\/uploads\/2022\/04\/Flors-Teatre-2-150x150.png 150w, https:\/\/floristes.cat\/wp-content\/uploads\/2022\/04\/Flors-Teatre-2-768x768.png 768w, https:\/\/floristes.cat\/wp-content\/uploads\/2022\/04\/Flors-Teatre-2-600x600.png 600w, https:\/\/floristes.cat\/wp-content\/uploads\/2022\/04\/Flors-Teatre-2.png 1080w\" sizes=\"auto, (max-width: 1024px) 100vw, 1024px\" \/><\/figure>\n","protected":false},"excerpt":{"rendered":"<p>A trav\u00e9s de nuestras florister\u00edas\u00a0agremiadas\u00a0hemos lanzado una campa\u00f1a para que este D\u00cdA DE LA MADRE sea m\u00e1s especial. Comprando un ramo durante esta semana en la que celebramos el d\u00eda de la madre (1-5-22) obtendr\u00e1s un c\u00f3digo promocional para comprar dos entradas al precio de una para ir a ver la obra\u00a0FOREVER\u00a0YOUNG al teatro\u00a0Poliorama. Dirigida &hellip;<\/p>\n","protected":false},"author":2,"featured_media":2258,"comment_status":"closed","ping_status":"closed","sticky":false,"template":"","format":"standard","meta":{"inline_featured_image":false,"_kad_blocks_custom_css":"","_kad_blocks_head_custom_js":"","_kad_blocks_body_custom_js":"","_kad_blocks_footer_custom_js":"","footnotes":""},"categories":[5],"tags":[],"class_list":{"0":"post-2270","1":"post","2":"type-post","3":"status-publish","4":"format-standard","5":"has-post-thumbnail","6":"hentry","7":"category-sin-categorizar","9":"with-featured-image"},"yoast_head":"<!-- This site is optimized with the Yoast SEO plugin v27.0 - https:\/\/yoast.com\/product\/yoast-seo-wordpress\/ -->\n<title>Regala un ramo y te llevamos al teatro - Gremi de Floristes de Catalunya<\/title>\n<meta name=\"robots\" content=\"index, follow, max-snippet:-1, max-image-preview:large, max-video-preview:-1\" \/>\n<link rel=\"canonical\" href=\"https:\/\/floristes.cat\/es\/regala-rams-amb-teatre\/\" \/>\n<meta property=\"og:locale\" content=\"es_ES\" \/>\n<meta property=\"og:type\" content=\"article\" \/>\n<meta property=\"og:title\" content=\"Regala un ramo y te llevamos al teatro - Gremi de Floristes de Catalunya\" \/>\n<meta property=\"og:description\" content=\"A trav\u00e9s de nuestras florister\u00edas\u00a0agremiadas\u00a0hemos lanzado una campa\u00f1a para que este D\u00cdA DE LA MADRE sea m\u00e1s especial. Comprando un ramo durante esta semana en la que celebramos el d\u00eda de la madre (1-5-22) obtendr\u00e1s un c\u00f3digo promocional para comprar dos entradas al precio de una para ir a ver la obra\u00a0FOREVER\u00a0YOUNG al teatro\u00a0Poliorama. Dirigida &hellip;\" \/>\n<meta property=\"og:url\" content=\"https:\/\/floristes.cat\/es\/regala-rams-amb-teatre\/\" \/>\n<meta property=\"og:site_name\" content=\"Gremi de Floristes de Catalunya\" \/>\n<meta property=\"article:publisher\" content=\"https:\/\/www.facebook.com\/gremifloristes\/\" \/>\n<meta property=\"article:published_time\" content=\"2022-04-28T08:49:18+00:00\" \/>\n<meta property=\"article:modified_time\" content=\"2026-02-17T11:17:50+00:00\" \/>\n<meta property=\"og:image\" content=\"https:\/\/floristes.cat\/wp-content\/uploads\/2022\/04\/Flors-Teatre.png\" \/>\n\t<meta property=\"og:image:width\" content=\"1080\" \/>\n\t<meta property=\"og:image:height\" content=\"1080\" \/>\n\t<meta property=\"og:image:type\" content=\"image\/png\" \/>\n<meta name=\"author\" content=\"Dolors Roig\" \/>\n<meta name=\"twitter:card\" content=\"summary_large_image\" \/>\n<meta name=\"twitter:creator\" content=\"@GremiFloristesc\" \/>\n<meta name=\"twitter:site\" content=\"@GremiFloristesc\" \/>\n<meta name=\"twitter:label1\" content=\"Escrito por\" \/>\n\t<meta name=\"twitter:data1\" content=\"Dolors Roig\" \/>\n\t<meta name=\"twitter:label2\" content=\"Tiempo de lectura\" \/>\n\t<meta name=\"twitter:data2\" content=\"1 minuto\" \/>\n<script type=\"application\/ld+json\" class=\"yoast-schema-graph\">{\"@context\":\"https:\/\/schema.org\",\"@graph\":[{\"@type\":\"Article\",\"@id\":\"https:\/\/floristes.cat\/es\/regala-rams-amb-teatre\/#article\",\"isPartOf\":{\"@id\":\"https:\/\/floristes.cat\/es\/regala-rams-amb-teatre\/\"},\"author\":{\"name\":\"Dolors Roig\",\"@id\":\"https:\/\/floristes.cat\/#\/schema\/person\/145d6eee3b8074dd58dbbe60d5b07475\"},\"headline\":\"Regala un ramo y te llevamos al teatro\",\"datePublished\":\"2022-04-28T08:49:18+00:00\",\"dateModified\":\"2026-02-17T11:17:50+00:00\",\"mainEntityOfPage\":{\"@id\":\"https:\/\/floristes.cat\/es\/regala-rams-amb-teatre\/\"},\"wordCount\":175,\"publisher\":{\"@id\":\"https:\/\/floristes.cat\/#organization\"},\"image\":{\"@id\":\"https:\/\/floristes.cat\/es\/regala-rams-amb-teatre\/#primaryimage\"},\"thumbnailUrl\":\"https:\/\/floristes.cat\/wp-content\/uploads\/2022\/04\/Flors-Teatre.png\",\"articleSection\":[\"Sin categorizar\"],\"inLanguage\":\"es\"},{\"@type\":\"WebPage\",\"@id\":\"https:\/\/floristes.cat\/es\/regala-rams-amb-teatre\/\",\"url\":\"https:\/\/floristes.cat\/es\/regala-rams-amb-teatre\/\",\"name\":\"Regala un ramo y te llevamos al teatro - Gremi de Floristes de Catalunya\",\"isPartOf\":{\"@id\":\"https:\/\/floristes.cat\/#website\"},\"primaryImageOfPage\":{\"@id\":\"https:\/\/floristes.cat\/es\/regala-rams-amb-teatre\/#primaryimage\"},\"image\":{\"@id\":\"https:\/\/floristes.cat\/es\/regala-rams-amb-teatre\/#primaryimage\"},\"thumbnailUrl\":\"https:\/\/floristes.cat\/wp-content\/uploads\/2022\/04\/Flors-Teatre.png\",\"datePublished\":\"2022-04-28T08:49:18+00:00\",\"dateModified\":\"2026-02-17T11:17:50+00:00\",\"breadcrumb\":{\"@id\":\"https:\/\/floristes.cat\/es\/regala-rams-amb-teatre\/#breadcrumb\"},\"inLanguage\":\"es\",\"potentialAction\":[{\"@type\":\"ReadAction\",\"target\":[\"https:\/\/floristes.cat\/es\/regala-rams-amb-teatre\/\"]}]},{\"@type\":\"ImageObject\",\"inLanguage\":\"es\",\"@id\":\"https:\/\/floristes.cat\/es\/regala-rams-amb-teatre\/#primaryimage\",\"url\":\"https:\/\/floristes.cat\/wp-content\/uploads\/2022\/04\/Flors-Teatre.png\",\"contentUrl\":\"https:\/\/floristes.cat\/wp-content\/uploads\/2022\/04\/Flors-Teatre.png\",\"width\":1080,\"height\":1080},{\"@type\":\"BreadcrumbList\",\"@id\":\"https:\/\/floristes.cat\/es\/regala-rams-amb-teatre\/#breadcrumb\",\"itemListElement\":[{\"@type\":\"ListItem\",\"position\":1,\"name\":\"Inici\",\"item\":\"https:\/\/floristes.cat\/es\/\"},{\"@type\":\"ListItem\",\"position\":2,\"name\":\"Regala un ramo y te llevamos al teatro\"}]},{\"@type\":\"WebSite\",\"@id\":\"https:\/\/floristes.cat\/#website\",\"url\":\"https:\/\/floristes.cat\/\",\"name\":\"Gremi de Floristes de Catalunya\",\"description\":\"Empreses que treballen amb flors, plantes naturals i artificials, elements complementaris i afins.\",\"publisher\":{\"@id\":\"https:\/\/floristes.cat\/#organization\"},\"potentialAction\":[{\"@type\":\"SearchAction\",\"target\":{\"@type\":\"EntryPoint\",\"urlTemplate\":\"https:\/\/floristes.cat\/?s={search_term_string}\"},\"query-input\":{\"@type\":\"PropertyValueSpecification\",\"valueRequired\":true,\"valueName\":\"search_term_string\"}}],\"inLanguage\":\"es\"},{\"@type\":\"Organization\",\"@id\":\"https:\/\/floristes.cat\/#organization\",\"name\":\"Gremi de Floristes de Catalunya\",\"url\":\"https:\/\/floristes.cat\/\",\"logo\":{\"@type\":\"ImageObject\",\"inLanguage\":\"es\",\"@id\":\"https:\/\/floristes.cat\/#\/schema\/logo\/image\/\",\"url\":\"https:\/\/floristes.cat\/wp-content\/uploads\/2019\/10\/Logo_gremi_floristes_catalunya.png\",\"contentUrl\":\"https:\/\/floristes.cat\/wp-content\/uploads\/2019\/10\/Logo_gremi_floristes_catalunya.png\",\"width\":96,\"height\":199,\"caption\":\"Gremi de Floristes de Catalunya\"},\"image\":{\"@id\":\"https:\/\/floristes.cat\/#\/schema\/logo\/image\/\"},\"sameAs\":[\"https:\/\/www.facebook.com\/gremifloristes\/\",\"https:\/\/x.com\/GremiFloristesc\",\"https:\/\/instagram.com\/somfloristes?igshid=2kfzf7ep7g0q\"]},{\"@type\":\"Person\",\"@id\":\"https:\/\/floristes.cat\/#\/schema\/person\/145d6eee3b8074dd58dbbe60d5b07475\",\"name\":\"Dolors Roig\",\"image\":{\"@type\":\"ImageObject\",\"inLanguage\":\"es\",\"@id\":\"https:\/\/floristes.cat\/#\/schema\/person\/image\/\",\"url\":\"https:\/\/secure.gravatar.com\/avatar\/984c667afa4d1c3679555a4acf7852db82e6dbb397e6a451bd505d675c69bdd8?s=96&d=mm&r=g\",\"contentUrl\":\"https:\/\/secure.gravatar.com\/avatar\/984c667afa4d1c3679555a4acf7852db82e6dbb397e6a451bd505d675c69bdd8?s=96&d=mm&r=g\",\"caption\":\"Dolors Roig\"}}]}<\/script>\n<!-- \/ Yoast SEO plugin. -->","yoast_head_json":{"title":"Regala un ramo y te llevamos al teatro - Gremi de Floristes de Catalunya","robots":{"index":"index","follow":"follow","max-snippet":"max-snippet:-1","max-image-preview":"max-image-preview:large","max-video-preview":"max-video-preview:-1"},"canonical":"https:\/\/floristes.cat\/es\/regala-rams-amb-teatre\/","og_locale":"es_ES","og_type":"article","og_title":"Regala un ramo y te llevamos al teatro - Gremi de Floristes de Catalunya","og_description":"A trav\u00e9s de nuestras florister\u00edas\u00a0agremiadas\u00a0hemos lanzado una campa\u00f1a para que este D\u00cdA DE LA MADRE sea m\u00e1s especial. Comprando un ramo durante esta semana en la que celebramos el d\u00eda de la madre (1-5-22) obtendr\u00e1s un c\u00f3digo promocional para comprar dos entradas al precio de una para ir a ver la obra\u00a0FOREVER\u00a0YOUNG al teatro\u00a0Poliorama. Dirigida &hellip;","og_url":"https:\/\/floristes.cat\/es\/regala-rams-amb-teatre\/","og_site_name":"Gremi de Floristes de Catalunya","article_publisher":"https:\/\/www.facebook.com\/gremifloristes\/","article_published_time":"2022-04-28T08:49:18+00:00","article_modified_time":"2026-02-17T11:17:50+00:00","og_image":[{"width":1080,"height":1080,"url":"https:\/\/floristes.cat\/wp-content\/uploads\/2022\/04\/Flors-Teatre.png","type":"image\/png"}],"author":"Dolors Roig","twitter_card":"summary_large_image","twitter_creator":"@GremiFloristesc","twitter_site":"@GremiFloristesc","twitter_misc":{"Escrito por":"Dolors Roig","Tiempo de lectura":"1 minuto"},"schema":{"@context":"https:\/\/schema.org","@graph":[{"@type":"Article","@id":"https:\/\/floristes.cat\/es\/regala-rams-amb-teatre\/#article","isPartOf":{"@id":"https:\/\/floristes.cat\/es\/regala-rams-amb-teatre\/"},"author":{"name":"Dolors Roig","@id":"https:\/\/floristes.cat\/#\/schema\/person\/145d6eee3b8074dd58dbbe60d5b07475"},"headline":"Regala un ramo y te llevamos al teatro","datePublished":"2022-04-28T08:49:18+00:00","dateModified":"2026-02-17T11:17:50+00:00","mainEntityOfPage":{"@id":"https:\/\/floristes.cat\/es\/regala-rams-amb-teatre\/"},"wordCount":175,"publisher":{"@id":"https:\/\/floristes.cat\/#organization"},"image":{"@id":"https:\/\/floristes.cat\/es\/regala-rams-amb-teatre\/#primaryimage"},"thumbnailUrl":"https:\/\/floristes.cat\/wp-content\/uploads\/2022\/04\/Flors-Teatre.png","articleSection":["Sin categorizar"],"inLanguage":"es"},{"@type":"WebPage","@id":"https:\/\/floristes.cat\/es\/regala-rams-amb-teatre\/","url":"https:\/\/floristes.cat\/es\/regala-rams-amb-teatre\/","name":"Regala un ramo y te llevamos al teatro - Gremi de Floristes de Catalunya","isPartOf":{"@id":"https:\/\/floristes.cat\/#website"},"primaryImageOfPage":{"@id":"https:\/\/floristes.cat\/es\/regala-rams-amb-teatre\/#primaryimage"},"image":{"@id":"https:\/\/floristes.cat\/es\/regala-rams-amb-teatre\/#primaryimage"},"thumbnailUrl":"https:\/\/floristes.cat\/wp-content\/uploads\/2022\/04\/Flors-Teatre.png","datePublished":"2022-04-28T08:49:18+00:00","dateModified":"2026-02-17T11:17:50+00:00","breadcrumb":{"@id":"https:\/\/floristes.cat\/es\/regala-rams-amb-teatre\/#breadcrumb"},"inLanguage":"es","potentialAction":[{"@type":"ReadAction","target":["https:\/\/floristes.cat\/es\/regala-rams-amb-teatre\/"]}]},{"@type":"ImageObject","inLanguage":"es","@id":"https:\/\/floristes.cat\/es\/regala-rams-amb-teatre\/#primaryimage","url":"https:\/\/floristes.cat\/wp-content\/uploads\/2022\/04\/Flors-Teatre.png","contentUrl":"https:\/\/floristes.cat\/wp-content\/uploads\/2022\/04\/Flors-Teatre.png","width":1080,"height":1080},{"@type":"BreadcrumbList","@id":"https:\/\/floristes.cat\/es\/regala-rams-amb-teatre\/#breadcrumb","itemListElement":[{"@type":"ListItem","position":1,"name":"Inici","item":"https:\/\/floristes.cat\/es\/"},{"@type":"ListItem","position":2,"name":"Regala un ramo y te llevamos al teatro"}]},{"@type":"WebSite","@id":"https:\/\/floristes.cat\/#website","url":"https:\/\/floristes.cat\/","name":"Gremi de Floristes de Catalunya","description":"Empreses que treballen amb flors, plantes naturals i artificials, elements complementaris i afins.","publisher":{"@id":"https:\/\/floristes.cat\/#organization"},"potentialAction":[{"@type":"SearchAction","target":{"@type":"EntryPoint","urlTemplate":"https:\/\/floristes.cat\/?s={search_term_string}"},"query-input":{"@type":"PropertyValueSpecification","valueRequired":true,"valueName":"search_term_string"}}],"inLanguage":"es"},{"@type":"Organization","@id":"https:\/\/floristes.cat\/#organization","name":"Gremi de Floristes de Catalunya","url":"https:\/\/floristes.cat\/","logo":{"@type":"ImageObject","inLanguage":"es","@id":"https:\/\/floristes.cat\/#\/schema\/logo\/image\/","url":"https:\/\/floristes.cat\/wp-content\/uploads\/2019\/10\/Logo_gremi_floristes_catalunya.png","contentUrl":"https:\/\/floristes.cat\/wp-content\/uploads\/2019\/10\/Logo_gremi_floristes_catalunya.png","width":96,"height":199,"caption":"Gremi de Floristes de Catalunya"},"image":{"@id":"https:\/\/floristes.cat\/#\/schema\/logo\/image\/"},"sameAs":["https:\/\/www.facebook.com\/gremifloristes\/","https:\/\/x.com\/GremiFloristesc","https:\/\/instagram.com\/somfloristes?igshid=2kfzf7ep7g0q"]},{"@type":"Person","@id":"https:\/\/floristes.cat\/#\/schema\/person\/145d6eee3b8074dd58dbbe60d5b07475","name":"Dolors Roig","image":{"@type":"ImageObject","inLanguage":"es","@id":"https:\/\/floristes.cat\/#\/schema\/person\/image\/","url":"https:\/\/secure.gravatar.com\/avatar\/984c667afa4d1c3679555a4acf7852db82e6dbb397e6a451bd505d675c69bdd8?s=96&d=mm&r=g","contentUrl":"https:\/\/secure.gravatar.com\/avatar\/984c667afa4d1c3679555a4acf7852db82e6dbb397e6a451bd505d675c69bdd8?s=96&d=mm&r=g","caption":"Dolors Roig"}}]}},"taxonomy_info":{"category":[{"value":5,"label":"Sin categorizar"}]},"featured_image_src_large":["https:\/\/floristes.cat\/wp-content\/uploads\/2022\/04\/Flors-Teatre-1024x1024.png",905,905,true],"author_info":{"display_name":"Dolors Roig","author_link":"https:\/\/floristes.cat\/es\/author\/gremifloristes\/"},"comment_info":0,"category_info":[{"term_id":5,"name":"Sin categorizar","slug":"sin-categorizar","term_group":0,"term_taxonomy_id":5,"taxonomy":"category","description":"","parent":0,"count":28,"filter":"raw","cat_ID":5,"category_count":28,"category_description":"","cat_name":"Sin categorizar","category_nicename":"sin-categorizar","category_parent":0}],"tag_info":false,"featured_image_src":"https:\/\/floristes.cat\/wp-content\/uploads\/2022\/04\/Flors-Teatre-600x400.png","featured_image_src_square":"https:\/\/floristes.cat\/wp-content\/uploads\/2022\/04\/Flors-Teatre-600x600.png","_links":{"self":[{"href":"https:\/\/floristes.cat\/es\/wp-json\/wp\/v2\/posts\/2270","targetHints":{"allow":["GET"]}}],"collection":[{"href":"https:\/\/floristes.cat\/es\/wp-json\/wp\/v2\/posts"}],"about":[{"href":"https:\/\/floristes.cat\/es\/wp-json\/wp\/v2\/types\/post"}],"author":[{"embeddable":true,"href":"https:\/\/floristes.cat\/es\/wp-json\/wp\/v2\/users\/2"}],"replies":[{"embeddable":true,"href":"https:\/\/floristes.cat\/es\/wp-json\/wp\/v2\/comments?post=2270"}],"version-history":[{"count":1,"href":"https:\/\/floristes.cat\/es\/wp-json\/wp\/v2\/posts\/2270\/revisions"}],"predecessor-version":[{"id":2272,"href":"https:\/\/floristes.cat\/es\/wp-json\/wp\/v2\/posts\/2270\/revisions\/2272"}],"wp:featuredmedia":[{"embeddable":true,"href":"https:\/\/floristes.cat\/es\/wp-json\/wp\/v2\/media\/2258"}],"wp:attachment":[{"href":"https:\/\/floristes.cat\/es\/wp-json\/wp\/v2\/media?parent=2270"}],"wp:term":[{"taxonomy":"category","embeddable":true,"href":"https:\/\/floristes.cat\/es\/wp-json\/wp\/v2\/categories?post=2270"},{"taxonomy":"post_tag","embeddable":true,"href":"https:\/\/floristes.cat\/es\/wp-json\/wp\/v2\/tags?post=2270"}],"curies":[{"name":"wp","href":"https:\/\/api.w.org\/{rel}","templated":true}]}}