{"id":2950,"date":"2022-11-30T13:08:41","date_gmt":"2022-11-30T12:08:41","guid":{"rendered":"https:\/\/floristes.cat\/2945\/"},"modified":"2022-11-30T13:17:05","modified_gmt":"2022-11-30T12:17:05","slug":"2945","status":"publish","type":"post","link":"https:\/\/floristes.cat\/es\/2945\/","title":{"rendered":"Tendencias Navidad 2022"},"content":{"rendered":"\n<p>La decoraci\u00f3n de Navidad de casas y comercios cada a\u00f1o tiene unas tendencias en cuanto a colores, estilo, complementos, texturas\u2026 Siempre hay un cl\u00e1sico que perdura en el tiempo: la presencia del rojo y el oro, puesto que crean un aspecto a temporal que evoca la Navidad por excelencia. Tambi\u00e9n el rosa palo, el azul y el blanco son colores que ver\u00e9is este a\u00f1o en decoraciones navide\u00f1as intentando dar un efecto c\u00e1lido, acogedor y relajante.<\/p>\n\n\n\n<p>Las coronas de adviento han entrado con fuerza en los \u00faltimos a\u00f1os, ya sea para ponerlas en la puerta o como centro de mesa. En este sentido cada vez m\u00e1s se opta por coronas naturales, que dan un aire aut\u00e9ntico, natural y sostenible all\u00e1 donde se ponen.<\/p>\n\n\n\n<p>De hecho, todos los componentes o elementos decorativos naturales cada vez est\u00e1n m\u00e1s valorados: la decoraci\u00f3n navide\u00f1a de madera por ejemplo est\u00e1 experimentando un gran renacimiento.<\/p>\n\n\n\n<p>Una clara tendencia es lo que se denomina Navidad\u00a0boho, que trata de reflejar la naturaleza invernal dentro de casa. Utilizando elementos naturales y texturas decorativas suaves como la hierba, penachos, flores secas, pi\u00f1as, efecto nieve\u2026 y velas!! Las velas han llegado para quedarse todo el a\u00f1o.<\/p>\n\n\n\n<p>Por \u00faltimo no os olvid\u00e9is de las ventanas. Adoptamos aqu\u00ed una decoraci\u00f3n muy t\u00edpica de los paises n\u00f3rdicos, la decoraci\u00f3n de ventanas y cristales. En Navidad se adornaban con estrellas, espumillones y\u00a0candelabros\u00a0no solo por decoraci\u00f3n, sino tambi\u00e9n para orientar a los\u00a0caminantes. Las ventanas de todas las casas marcaban el camino que los guiaba a las largas noches de invierno.<\/p>\n\n\n\n<p>Las florister\u00edas estos d\u00edas est\u00e1n preciosas, os animamos a entrar y ver sus decoraciones.<\/p>\n","protected":false},"excerpt":{"rendered":"<p>La decoraci\u00f3n de Navidad de casas y comercios cada a\u00f1o tiene unas tendencias en cuanto a colores, estilo, complementos, texturas\u2026 Siempre hay un cl\u00e1sico que perdura en el tiempo: la presencia del rojo y el oro, puesto que crean un aspecto a temporal que evoca la Navidad por excelencia. Tambi\u00e9n el rosa palo, el azul &hellip;<\/p>\n","protected":false},"author":2,"featured_media":2947,"comment_status":"closed","ping_status":"closed","sticky":false,"template":"","format":"standard","meta":{"inline_featured_image":false,"_kad_blocks_custom_css":"","_kad_blocks_head_custom_js":"","_kad_blocks_body_custom_js":"","_kad_blocks_footer_custom_js":"","footnotes":""},"categories":[13],"tags":[],"class_list":{"0":"post-2950","1":"post","2":"type-post","3":"status-publish","4":"format-standard","5":"has-post-thumbnail","6":"hentry","7":"category-destacado","9":"with-featured-image"},"yoast_head":"<!-- This site is optimized with the Yoast SEO plugin v27.0 - https:\/\/yoast.com\/product\/yoast-seo-wordpress\/ -->\n<title>Tendencias Navidad 2022 - Gremi de Floristes de Catalunya<\/title>\n<meta name=\"robots\" content=\"index, follow, max-snippet:-1, max-image-preview:large, max-video-preview:-1\" \/>\n<link rel=\"canonical\" href=\"https:\/\/floristes.cat\/es\/2945\/\" \/>\n<meta property=\"og:locale\" content=\"es_ES\" \/>\n<meta property=\"og:type\" content=\"article\" \/>\n<meta property=\"og:title\" content=\"Tendencias Navidad 2022 - Gremi de Floristes de Catalunya\" \/>\n<meta property=\"og:description\" content=\"La decoraci\u00f3n de Navidad de casas y comercios cada a\u00f1o tiene unas tendencias en cuanto a colores, estilo, complementos, texturas\u2026 Siempre hay un cl\u00e1sico que perdura en el tiempo: la presencia del rojo y el oro, puesto que crean un aspecto a temporal que evoca la Navidad por excelencia. Tambi\u00e9n el rosa palo, el azul &hellip;\" \/>\n<meta property=\"og:url\" content=\"https:\/\/floristes.cat\/es\/2945\/\" \/>\n<meta property=\"og:site_name\" content=\"Gremi de Floristes de Catalunya\" \/>\n<meta property=\"article:publisher\" content=\"https:\/\/www.facebook.com\/gremifloristes\/\" \/>\n<meta property=\"article:published_time\" content=\"2022-11-30T12:08:41+00:00\" \/>\n<meta property=\"article:modified_time\" content=\"2022-11-30T12:17:05+00:00\" \/>\n<meta property=\"og:image\" content=\"https:\/\/floristes.cat\/wp-content\/uploads\/2022\/11\/Nadal-8.png\" \/>\n\t<meta property=\"og:image:width\" content=\"1080\" \/>\n\t<meta property=\"og:image:height\" content=\"1080\" \/>\n\t<meta property=\"og:image:type\" content=\"image\/png\" \/>\n<meta name=\"author\" content=\"Dolors Roig\" \/>\n<meta name=\"twitter:card\" content=\"summary_large_image\" \/>\n<meta name=\"twitter:creator\" content=\"@GremiFloristesc\" \/>\n<meta name=\"twitter:site\" content=\"@GremiFloristesc\" \/>\n<meta name=\"twitter:label1\" content=\"Escrito por\" \/>\n\t<meta name=\"twitter:data1\" content=\"Dolors Roig\" \/>\n\t<meta name=\"twitter:label2\" content=\"Tiempo de lectura\" \/>\n\t<meta name=\"twitter:data2\" content=\"2 minutos\" \/>\n<script type=\"application\/ld+json\" class=\"yoast-schema-graph\">{\"@context\":\"https:\/\/schema.org\",\"@graph\":[{\"@type\":\"Article\",\"@id\":\"https:\/\/floristes.cat\/es\/2945\/#article\",\"isPartOf\":{\"@id\":\"https:\/\/floristes.cat\/es\/2945\/\"},\"author\":{\"name\":\"Dolors Roig\",\"@id\":\"https:\/\/floristes.cat\/#\/schema\/person\/145d6eee3b8074dd58dbbe60d5b07475\"},\"headline\":\"Tendencias Navidad 2022\",\"datePublished\":\"2022-11-30T12:08:41+00:00\",\"dateModified\":\"2022-11-30T12:17:05+00:00\",\"mainEntityOfPage\":{\"@id\":\"https:\/\/floristes.cat\/es\/2945\/\"},\"wordCount\":300,\"publisher\":{\"@id\":\"https:\/\/floristes.cat\/#organization\"},\"image\":{\"@id\":\"https:\/\/floristes.cat\/es\/2945\/#primaryimage\"},\"thumbnailUrl\":\"https:\/\/floristes.cat\/wp-content\/uploads\/2022\/11\/Nadal-8.png\",\"articleSection\":[\"destacado\"],\"inLanguage\":\"es\"},{\"@type\":\"WebPage\",\"@id\":\"https:\/\/floristes.cat\/es\/2945\/\",\"url\":\"https:\/\/floristes.cat\/es\/2945\/\",\"name\":\"Tendencias Navidad 2022 - Gremi de Floristes de Catalunya\",\"isPartOf\":{\"@id\":\"https:\/\/floristes.cat\/#website\"},\"primaryImageOfPage\":{\"@id\":\"https:\/\/floristes.cat\/es\/2945\/#primaryimage\"},\"image\":{\"@id\":\"https:\/\/floristes.cat\/es\/2945\/#primaryimage\"},\"thumbnailUrl\":\"https:\/\/floristes.cat\/wp-content\/uploads\/2022\/11\/Nadal-8.png\",\"datePublished\":\"2022-11-30T12:08:41+00:00\",\"dateModified\":\"2022-11-30T12:17:05+00:00\",\"breadcrumb\":{\"@id\":\"https:\/\/floristes.cat\/es\/2945\/#breadcrumb\"},\"inLanguage\":\"es\",\"potentialAction\":[{\"@type\":\"ReadAction\",\"target\":[\"https:\/\/floristes.cat\/es\/2945\/\"]}]},{\"@type\":\"ImageObject\",\"inLanguage\":\"es\",\"@id\":\"https:\/\/floristes.cat\/es\/2945\/#primaryimage\",\"url\":\"https:\/\/floristes.cat\/wp-content\/uploads\/2022\/11\/Nadal-8.png\",\"contentUrl\":\"https:\/\/floristes.cat\/wp-content\/uploads\/2022\/11\/Nadal-8.png\",\"width\":1080,\"height\":1080},{\"@type\":\"BreadcrumbList\",\"@id\":\"https:\/\/floristes.cat\/es\/2945\/#breadcrumb\",\"itemListElement\":[{\"@type\":\"ListItem\",\"position\":1,\"name\":\"Inici\",\"item\":\"https:\/\/floristes.cat\/es\/\"},{\"@type\":\"ListItem\",\"position\":2,\"name\":\"Tendencias Navidad 2022\"}]},{\"@type\":\"WebSite\",\"@id\":\"https:\/\/floristes.cat\/#website\",\"url\":\"https:\/\/floristes.cat\/\",\"name\":\"Gremi de Floristes de Catalunya\",\"description\":\"Empreses que treballen amb flors, plantes naturals i artificials, elements complementaris i afins.\",\"publisher\":{\"@id\":\"https:\/\/floristes.cat\/#organization\"},\"potentialAction\":[{\"@type\":\"SearchAction\",\"target\":{\"@type\":\"EntryPoint\",\"urlTemplate\":\"https:\/\/floristes.cat\/?s={search_term_string}\"},\"query-input\":{\"@type\":\"PropertyValueSpecification\",\"valueRequired\":true,\"valueName\":\"search_term_string\"}}],\"inLanguage\":\"es\"},{\"@type\":\"Organization\",\"@id\":\"https:\/\/floristes.cat\/#organization\",\"name\":\"Gremi de Floristes de Catalunya\",\"url\":\"https:\/\/floristes.cat\/\",\"logo\":{\"@type\":\"ImageObject\",\"inLanguage\":\"es\",\"@id\":\"https:\/\/floristes.cat\/#\/schema\/logo\/image\/\",\"url\":\"https:\/\/floristes.cat\/wp-content\/uploads\/2019\/10\/Logo_gremi_floristes_catalunya.png\",\"contentUrl\":\"https:\/\/floristes.cat\/wp-content\/uploads\/2019\/10\/Logo_gremi_floristes_catalunya.png\",\"width\":96,\"height\":199,\"caption\":\"Gremi de Floristes de Catalunya\"},\"image\":{\"@id\":\"https:\/\/floristes.cat\/#\/schema\/logo\/image\/\"},\"sameAs\":[\"https:\/\/www.facebook.com\/gremifloristes\/\",\"https:\/\/x.com\/GremiFloristesc\",\"https:\/\/instagram.com\/somfloristes?igshid=2kfzf7ep7g0q\"]},{\"@type\":\"Person\",\"@id\":\"https:\/\/floristes.cat\/#\/schema\/person\/145d6eee3b8074dd58dbbe60d5b07475\",\"name\":\"Dolors Roig\",\"image\":{\"@type\":\"ImageObject\",\"inLanguage\":\"es\",\"@id\":\"https:\/\/floristes.cat\/#\/schema\/person\/image\/\",\"url\":\"https:\/\/secure.gravatar.com\/avatar\/984c667afa4d1c3679555a4acf7852db82e6dbb397e6a451bd505d675c69bdd8?s=96&d=mm&r=g\",\"contentUrl\":\"https:\/\/secure.gravatar.com\/avatar\/984c667afa4d1c3679555a4acf7852db82e6dbb397e6a451bd505d675c69bdd8?s=96&d=mm&r=g\",\"caption\":\"Dolors Roig\"}}]}<\/script>\n<!-- \/ Yoast SEO plugin. -->","yoast_head_json":{"title":"Tendencias Navidad 2022 - Gremi de Floristes de Catalunya","robots":{"index":"index","follow":"follow","max-snippet":"max-snippet:-1","max-image-preview":"max-image-preview:large","max-video-preview":"max-video-preview:-1"},"canonical":"https:\/\/floristes.cat\/es\/2945\/","og_locale":"es_ES","og_type":"article","og_title":"Tendencias Navidad 2022 - Gremi de Floristes de Catalunya","og_description":"La decoraci\u00f3n de Navidad de casas y comercios cada a\u00f1o tiene unas tendencias en cuanto a colores, estilo, complementos, texturas\u2026 Siempre hay un cl\u00e1sico que perdura en el tiempo: la presencia del rojo y el oro, puesto que crean un aspecto a temporal que evoca la Navidad por excelencia. Tambi\u00e9n el rosa palo, el azul &hellip;","og_url":"https:\/\/floristes.cat\/es\/2945\/","og_site_name":"Gremi de Floristes de Catalunya","article_publisher":"https:\/\/www.facebook.com\/gremifloristes\/","article_published_time":"2022-11-30T12:08:41+00:00","article_modified_time":"2022-11-30T12:17:05+00:00","og_image":[{"width":1080,"height":1080,"url":"https:\/\/floristes.cat\/wp-content\/uploads\/2022\/11\/Nadal-8.png","type":"image\/png"}],"author":"Dolors Roig","twitter_card":"summary_large_image","twitter_creator":"@GremiFloristesc","twitter_site":"@GremiFloristesc","twitter_misc":{"Escrito por":"Dolors Roig","Tiempo de lectura":"2 minutos"},"schema":{"@context":"https:\/\/schema.org","@graph":[{"@type":"Article","@id":"https:\/\/floristes.cat\/es\/2945\/#article","isPartOf":{"@id":"https:\/\/floristes.cat\/es\/2945\/"},"author":{"name":"Dolors Roig","@id":"https:\/\/floristes.cat\/#\/schema\/person\/145d6eee3b8074dd58dbbe60d5b07475"},"headline":"Tendencias Navidad 2022","datePublished":"2022-11-30T12:08:41+00:00","dateModified":"2022-11-30T12:17:05+00:00","mainEntityOfPage":{"@id":"https:\/\/floristes.cat\/es\/2945\/"},"wordCount":300,"publisher":{"@id":"https:\/\/floristes.cat\/#organization"},"image":{"@id":"https:\/\/floristes.cat\/es\/2945\/#primaryimage"},"thumbnailUrl":"https:\/\/floristes.cat\/wp-content\/uploads\/2022\/11\/Nadal-8.png","articleSection":["destacado"],"inLanguage":"es"},{"@type":"WebPage","@id":"https:\/\/floristes.cat\/es\/2945\/","url":"https:\/\/floristes.cat\/es\/2945\/","name":"Tendencias Navidad 2022 - Gremi de Floristes de Catalunya","isPartOf":{"@id":"https:\/\/floristes.cat\/#website"},"primaryImageOfPage":{"@id":"https:\/\/floristes.cat\/es\/2945\/#primaryimage"},"image":{"@id":"https:\/\/floristes.cat\/es\/2945\/#primaryimage"},"thumbnailUrl":"https:\/\/floristes.cat\/wp-content\/uploads\/2022\/11\/Nadal-8.png","datePublished":"2022-11-30T12:08:41+00:00","dateModified":"2022-11-30T12:17:05+00:00","breadcrumb":{"@id":"https:\/\/floristes.cat\/es\/2945\/#breadcrumb"},"inLanguage":"es","potentialAction":[{"@type":"ReadAction","target":["https:\/\/floristes.cat\/es\/2945\/"]}]},{"@type":"ImageObject","inLanguage":"es","@id":"https:\/\/floristes.cat\/es\/2945\/#primaryimage","url":"https:\/\/floristes.cat\/wp-content\/uploads\/2022\/11\/Nadal-8.png","contentUrl":"https:\/\/floristes.cat\/wp-content\/uploads\/2022\/11\/Nadal-8.png","width":1080,"height":1080},{"@type":"BreadcrumbList","@id":"https:\/\/floristes.cat\/es\/2945\/#breadcrumb","itemListElement":[{"@type":"ListItem","position":1,"name":"Inici","item":"https:\/\/floristes.cat\/es\/"},{"@type":"ListItem","position":2,"name":"Tendencias Navidad 2022"}]},{"@type":"WebSite","@id":"https:\/\/floristes.cat\/#website","url":"https:\/\/floristes.cat\/","name":"Gremi de Floristes de Catalunya","description":"Empreses que treballen amb flors, plantes naturals i artificials, elements complementaris i afins.","publisher":{"@id":"https:\/\/floristes.cat\/#organization"},"potentialAction":[{"@type":"SearchAction","target":{"@type":"EntryPoint","urlTemplate":"https:\/\/floristes.cat\/?s={search_term_string}"},"query-input":{"@type":"PropertyValueSpecification","valueRequired":true,"valueName":"search_term_string"}}],"inLanguage":"es"},{"@type":"Organization","@id":"https:\/\/floristes.cat\/#organization","name":"Gremi de Floristes de Catalunya","url":"https:\/\/floristes.cat\/","logo":{"@type":"ImageObject","inLanguage":"es","@id":"https:\/\/floristes.cat\/#\/schema\/logo\/image\/","url":"https:\/\/floristes.cat\/wp-content\/uploads\/2019\/10\/Logo_gremi_floristes_catalunya.png","contentUrl":"https:\/\/floristes.cat\/wp-content\/uploads\/2019\/10\/Logo_gremi_floristes_catalunya.png","width":96,"height":199,"caption":"Gremi de Floristes de Catalunya"},"image":{"@id":"https:\/\/floristes.cat\/#\/schema\/logo\/image\/"},"sameAs":["https:\/\/www.facebook.com\/gremifloristes\/","https:\/\/x.com\/GremiFloristesc","https:\/\/instagram.com\/somfloristes?igshid=2kfzf7ep7g0q"]},{"@type":"Person","@id":"https:\/\/floristes.cat\/#\/schema\/person\/145d6eee3b8074dd58dbbe60d5b07475","name":"Dolors Roig","image":{"@type":"ImageObject","inLanguage":"es","@id":"https:\/\/floristes.cat\/#\/schema\/person\/image\/","url":"https:\/\/secure.gravatar.com\/avatar\/984c667afa4d1c3679555a4acf7852db82e6dbb397e6a451bd505d675c69bdd8?s=96&d=mm&r=g","contentUrl":"https:\/\/secure.gravatar.com\/avatar\/984c667afa4d1c3679555a4acf7852db82e6dbb397e6a451bd505d675c69bdd8?s=96&d=mm&r=g","caption":"Dolors Roig"}}]}},"taxonomy_info":{"category":[{"value":13,"label":"destacado"}]},"featured_image_src_large":["https:\/\/floristes.cat\/wp-content\/uploads\/2022\/11\/Nadal-8-1024x1024.png",905,905,true],"author_info":{"display_name":"Dolors Roig","author_link":"https:\/\/floristes.cat\/es\/author\/gremifloristes\/"},"comment_info":0,"category_info":[{"term_id":13,"name":"destacado","slug":"destacado","term_group":0,"term_taxonomy_id":13,"taxonomy":"category","description":"","parent":0,"count":25,"filter":"raw","cat_ID":13,"category_count":25,"category_description":"","cat_name":"destacado","category_nicename":"destacado","category_parent":0}],"tag_info":false,"featured_image_src":"https:\/\/floristes.cat\/wp-content\/uploads\/2022\/11\/Nadal-8-600x400.png","featured_image_src_square":"https:\/\/floristes.cat\/wp-content\/uploads\/2022\/11\/Nadal-8-600x600.png","_links":{"self":[{"href":"https:\/\/floristes.cat\/es\/wp-json\/wp\/v2\/posts\/2950","targetHints":{"allow":["GET"]}}],"collection":[{"href":"https:\/\/floristes.cat\/es\/wp-json\/wp\/v2\/posts"}],"about":[{"href":"https:\/\/floristes.cat\/es\/wp-json\/wp\/v2\/types\/post"}],"author":[{"embeddable":true,"href":"https:\/\/floristes.cat\/es\/wp-json\/wp\/v2\/users\/2"}],"replies":[{"embeddable":true,"href":"https:\/\/floristes.cat\/es\/wp-json\/wp\/v2\/comments?post=2950"}],"version-history":[{"count":1,"href":"https:\/\/floristes.cat\/es\/wp-json\/wp\/v2\/posts\/2950\/revisions"}],"predecessor-version":[{"id":2952,"href":"https:\/\/floristes.cat\/es\/wp-json\/wp\/v2\/posts\/2950\/revisions\/2952"}],"wp:featuredmedia":[{"embeddable":true,"href":"https:\/\/floristes.cat\/es\/wp-json\/wp\/v2\/media\/2947"}],"wp:attachment":[{"href":"https:\/\/floristes.cat\/es\/wp-json\/wp\/v2\/media?parent=2950"}],"wp:term":[{"taxonomy":"category","embeddable":true,"href":"https:\/\/floristes.cat\/es\/wp-json\/wp\/v2\/categories?post=2950"},{"taxonomy":"post_tag","embeddable":true,"href":"https:\/\/floristes.cat\/es\/wp-json\/wp\/v2\/tags?post=2950"}],"curies":[{"name":"wp","href":"https:\/\/api.w.org\/{rel}","templated":true}]}}