{"id":732,"date":"2020-01-14T11:36:06","date_gmt":"2020-01-14T10:36:06","guid":{"rendered":"http:\/\/floristes.cat\/?p=732"},"modified":"2020-01-14T11:36:17","modified_gmt":"2020-01-14T10:36:17","slug":"concurso-fotografia-navidad-con-premio-especial","status":"publish","type":"post","link":"https:\/\/floristes.cat\/es\/concurso-fotografia-navidad-con-premio-especial\/","title":{"rendered":"Concurso fotograf\u00eda Navidad con premio especial"},"content":{"rendered":"<p><br>\n<br>\n<!--StartFragment--><\/p>\n\n\n<p>Esta Navidad el Gremio de Floristas ha realizado un nuevo concurso de fotograf\u00eda en Instagram para dinamizar la decoraci\u00f3n navide\u00f1a en comercios y casas particulares. Las bases del concurso eran muy sencillas: fotografiar el \u00e1rbol entero o un detalle de la decoraci\u00f3n. Recibimos numerosas fotograf\u00edas, algunos muy originales, otros m\u00e1s cl\u00e1sicos&#8230; Si quer\u00e9is ver todas las im\u00e1genes pod\u00e9is entrar en nuestro perfil de <a rel=\"noreferrer noopener\" aria-label=\" d'Instagram (s'obre en una nova pestanya)\" href=\"https:\/\/www.instagram.com\/p\/B5-Qc6bl3Fh\/\" target=\"_blank\"> d&#8217;Instagram<\/a>.<\/p>\n\n\n\n<p>El premio era muy especial en esta ocasi\u00f3n: el ganador o ganadora tendr\u00e1n una estancia de una noche para dos personas con desayuno incluido en el hotel Ohla Eixample de Barcelona. Un hotel 5 estrellas espectacular!<\/p>\n\n\n\n<p>La imagen ganadora fue para Lorena, con esta preciosa composici\u00f3n. Os dejamos algunas im\u00e1genes del concurso y agradecemos la colaboraci\u00f3n del hotel <a href=\"https:\/\/www.ohlaeixample.com\/\">Ohla Eixample<\/a> y de todos los participantes al concurso.  <\/p>\n\n\n\n<ul class=\"wp-block-gallery columns-3 is-cropped wp-block-gallery-1 is-layout-flex wp-block-gallery-is-layout-flex\"><li class=\"blocks-gallery-item\"><figure><img loading=\"lazy\" decoding=\"async\" width=\"1024\" height=\"1024\" src=\"https:\/\/floristes.cat\/wp-content\/uploads\/2020\/01\/concurs-arbre-de-nadal-2-1024x1024.jpg\" alt=\"\" data-id=\"733\" data-link=\"https:\/\/floristes.cat\/?attachment_id=733\" class=\"wp-image-733\" srcset=\"https:\/\/floristes.cat\/wp-content\/uploads\/2020\/01\/concurs-arbre-de-nadal-2-1024x1024.jpg 1024w, https:\/\/floristes.cat\/wp-content\/uploads\/2020\/01\/concurs-arbre-de-nadal-2-150x150.jpg 150w, https:\/\/floristes.cat\/wp-content\/uploads\/2020\/01\/concurs-arbre-de-nadal-2-300x300.jpg 300w, https:\/\/floristes.cat\/wp-content\/uploads\/2020\/01\/concurs-arbre-de-nadal-2-768x768.jpg 768w, https:\/\/floristes.cat\/wp-content\/uploads\/2020\/01\/concurs-arbre-de-nadal-2-600x600.jpg 600w, https:\/\/floristes.cat\/wp-content\/uploads\/2020\/01\/concurs-arbre-de-nadal-2.jpg 1080w\" sizes=\"auto, (max-width: 1024px) 100vw, 1024px\" \/><\/figure><\/li><li class=\"blocks-gallery-item\"><figure><img loading=\"lazy\" decoding=\"async\" width=\"1024\" height=\"1024\" src=\"https:\/\/floristes.cat\/wp-content\/uploads\/2020\/01\/El-teu-arbre-de-Nadal-porta-premi-1024x1024.jpg\" alt=\"\" data-id=\"736\" data-link=\"https:\/\/floristes.cat\/es\/?attachment_id=736\" class=\"wp-image-736\" srcset=\"https:\/\/floristes.cat\/wp-content\/uploads\/2020\/01\/El-teu-arbre-de-Nadal-porta-premi-1024x1024.jpg 1024w, https:\/\/floristes.cat\/wp-content\/uploads\/2020\/01\/El-teu-arbre-de-Nadal-porta-premi-150x150.jpg 150w, https:\/\/floristes.cat\/wp-content\/uploads\/2020\/01\/El-teu-arbre-de-Nadal-porta-premi-300x300.jpg 300w, https:\/\/floristes.cat\/wp-content\/uploads\/2020\/01\/El-teu-arbre-de-Nadal-porta-premi-768x768.jpg 768w, https:\/\/floristes.cat\/wp-content\/uploads\/2020\/01\/El-teu-arbre-de-Nadal-porta-premi-600x600.jpg 600w, https:\/\/floristes.cat\/wp-content\/uploads\/2020\/01\/El-teu-arbre-de-Nadal-porta-premi.jpg 1080w\" sizes=\"auto, (max-width: 1024px) 100vw, 1024px\" \/><\/figure><\/li><li class=\"blocks-gallery-item\"><figure><img loading=\"lazy\" decoding=\"async\" width=\"890\" height=\"594\" src=\"https:\/\/floristes.cat\/wp-content\/uploads\/2020\/01\/hab-1.thigh_.jpg\" alt=\"\" data-id=\"738\" data-link=\"https:\/\/floristes.cat\/es\/?attachment_id=738\" class=\"wp-image-738\" srcset=\"https:\/\/floristes.cat\/wp-content\/uploads\/2020\/01\/hab-1.thigh_.jpg 890w, https:\/\/floristes.cat\/wp-content\/uploads\/2020\/01\/hab-1.thigh_-300x200.jpg 300w, https:\/\/floristes.cat\/wp-content\/uploads\/2020\/01\/hab-1.thigh_-768x513.jpg 768w, https:\/\/floristes.cat\/wp-content\/uploads\/2020\/01\/hab-1.thigh_-600x400.jpg 600w\" sizes=\"auto, (max-width: 890px) 100vw, 890px\" \/><\/figure><\/li><li class=\"blocks-gallery-item\"><figure><img loading=\"lazy\" decoding=\"async\" width=\"800\" height=\"531\" src=\"https:\/\/floristes.cat\/wp-content\/uploads\/2020\/01\/ohla-eixample-1.jpg\" alt=\"\" data-id=\"740\" data-link=\"https:\/\/floristes.cat\/es\/?attachment_id=740\" class=\"wp-image-740\" srcset=\"https:\/\/floristes.cat\/wp-content\/uploads\/2020\/01\/ohla-eixample-1.jpg 800w, https:\/\/floristes.cat\/wp-content\/uploads\/2020\/01\/ohla-eixample-1-300x199.jpg 300w, https:\/\/floristes.cat\/wp-content\/uploads\/2020\/01\/ohla-eixample-1-768x510.jpg 768w\" sizes=\"auto, (max-width: 800px) 100vw, 800px\" \/><\/figure><\/li><li class=\"blocks-gallery-item\"><figure><img loading=\"lazy\" decoding=\"async\" width=\"900\" height=\"600\" src=\"https:\/\/floristes.cat\/wp-content\/uploads\/2020\/01\/Ohla_Eixample_dia270700915.tmedium-1.jpg\" alt=\"\" data-id=\"742\" data-link=\"https:\/\/floristes.cat\/es\/?attachment_id=742\" class=\"wp-image-742\" srcset=\"https:\/\/floristes.cat\/wp-content\/uploads\/2020\/01\/Ohla_Eixample_dia270700915.tmedium-1.jpg 900w, https:\/\/floristes.cat\/wp-content\/uploads\/2020\/01\/Ohla_Eixample_dia270700915.tmedium-1-300x200.jpg 300w, https:\/\/floristes.cat\/wp-content\/uploads\/2020\/01\/Ohla_Eixample_dia270700915.tmedium-1-768x512.jpg 768w, https:\/\/floristes.cat\/wp-content\/uploads\/2020\/01\/Ohla_Eixample_dia270700915.tmedium-1-600x400.jpg 600w\" sizes=\"auto, (max-width: 900px) 100vw, 900px\" \/><\/figure><\/li><li class=\"blocks-gallery-item\"><figure><img loading=\"lazy\" decoding=\"async\" width=\"851\" height=\"1024\" src=\"https:\/\/floristes.cat\/wp-content\/uploads\/2020\/01\/PSX_20200108_185408-1-851x1024.jpg\" alt=\"\" data-id=\"744\" data-link=\"https:\/\/floristes.cat\/es\/?attachment_id=744\" class=\"wp-image-744\" srcset=\"https:\/\/floristes.cat\/wp-content\/uploads\/2020\/01\/PSX_20200108_185408-1-851x1024.jpg 851w, https:\/\/floristes.cat\/wp-content\/uploads\/2020\/01\/PSX_20200108_185408-1-249x300.jpg 249w, https:\/\/floristes.cat\/wp-content\/uploads\/2020\/01\/PSX_20200108_185408-1-768x925.jpg 768w, https:\/\/floristes.cat\/wp-content\/uploads\/2020\/01\/PSX_20200108_185408-1-300x361.jpg 300w, https:\/\/floristes.cat\/wp-content\/uploads\/2020\/01\/PSX_20200108_185408-1.jpg 1074w\" sizes=\"auto, (max-width: 851px) 100vw, 851px\" \/><\/figure><\/li><\/ul>\n","protected":false},"excerpt":{"rendered":"<p>Esta Navidad el Gremio de Floristas ha realizado un nuevo concurso de fotograf\u00eda en Instagram para dinamizar la decoraci\u00f3n navide\u00f1a en comercios y casas particulares. Las bases del concurso eran muy sencillas: fotografiar el \u00e1rbol entero o un detalle de la decoraci\u00f3n. Recibimos numerosas fotograf\u00edas, algunos muy originales, otros m\u00e1s cl\u00e1sicos&#8230; Si quer\u00e9is ver todas &hellip;<\/p>\n","protected":false},"author":2,"featured_media":0,"comment_status":"open","ping_status":"closed","sticky":false,"template":"","format":"standard","meta":{"inline_featured_image":false,"_kad_blocks_custom_css":"","_kad_blocks_head_custom_js":"","_kad_blocks_body_custom_js":"","_kad_blocks_footer_custom_js":"","footnotes":""},"categories":[5],"tags":[],"class_list":{"0":"post-732","1":"post","2":"type-post","3":"status-publish","4":"format-standard","5":"hentry","6":"category-sin-categorizar","8":"without-featured-image"},"yoast_head":"<!-- This site is optimized with the Yoast SEO plugin v27.0 - https:\/\/yoast.com\/product\/yoast-seo-wordpress\/ -->\n<title>Concurso fotograf\u00eda Navidad con premio especial - Gremi de Floristes de Catalunya<\/title>\n<meta name=\"robots\" content=\"index, follow, max-snippet:-1, max-image-preview:large, max-video-preview:-1\" \/>\n<link rel=\"canonical\" href=\"https:\/\/floristes.cat\/es\/concurso-fotografia-navidad-con-premio-especial\/\" \/>\n<meta property=\"og:locale\" content=\"es_ES\" \/>\n<meta property=\"og:type\" content=\"article\" \/>\n<meta property=\"og:title\" content=\"Concurso fotograf\u00eda Navidad con premio especial - Gremi de Floristes de Catalunya\" \/>\n<meta property=\"og:description\" content=\"Esta Navidad el Gremio de Floristas ha realizado un nuevo concurso de fotograf\u00eda en Instagram para dinamizar la decoraci\u00f3n navide\u00f1a en comercios y casas particulares. Las bases del concurso eran muy sencillas: fotografiar el \u00e1rbol entero o un detalle de la decoraci\u00f3n. Recibimos numerosas fotograf\u00edas, algunos muy originales, otros m\u00e1s cl\u00e1sicos&#8230; Si quer\u00e9is ver todas &hellip;\" \/>\n<meta property=\"og:url\" content=\"https:\/\/floristes.cat\/es\/concurso-fotografia-navidad-con-premio-especial\/\" \/>\n<meta property=\"og:site_name\" content=\"Gremi de Floristes de Catalunya\" \/>\n<meta property=\"article:publisher\" content=\"https:\/\/www.facebook.com\/gremifloristes\/\" \/>\n<meta property=\"article:published_time\" content=\"2020-01-14T10:36:06+00:00\" \/>\n<meta property=\"article:modified_time\" content=\"2020-01-14T10:36:17+00:00\" \/>\n<meta property=\"og:image\" content=\"https:\/\/floristes.cat\/wp-content\/uploads\/2020\/01\/concurs-arbre-de-nadal-2-1024x1024.jpg\" \/>\n<meta name=\"author\" content=\"Dolors Roig\" \/>\n<meta name=\"twitter:card\" content=\"summary_large_image\" \/>\n<meta name=\"twitter:creator\" content=\"@GremiFloristesc\" \/>\n<meta name=\"twitter:site\" content=\"@GremiFloristesc\" \/>\n<meta name=\"twitter:label1\" content=\"Escrito por\" \/>\n\t<meta name=\"twitter:data1\" content=\"Dolors Roig\" \/>\n\t<meta name=\"twitter:label2\" content=\"Tiempo de lectura\" \/>\n\t<meta name=\"twitter:data2\" content=\"1 minuto\" \/>\n<script type=\"application\/ld+json\" class=\"yoast-schema-graph\">{\"@context\":\"https:\/\/schema.org\",\"@graph\":[{\"@type\":\"Article\",\"@id\":\"https:\/\/floristes.cat\/es\/concurso-fotografia-navidad-con-premio-especial\/#article\",\"isPartOf\":{\"@id\":\"https:\/\/floristes.cat\/es\/concurso-fotografia-navidad-con-premio-especial\/\"},\"author\":{\"name\":\"Dolors Roig\",\"@id\":\"https:\/\/floristes.cat\/#\/schema\/person\/145d6eee3b8074dd58dbbe60d5b07475\"},\"headline\":\"Concurso fotograf\u00eda Navidad con premio especial\",\"datePublished\":\"2020-01-14T10:36:06+00:00\",\"dateModified\":\"2020-01-14T10:36:17+00:00\",\"mainEntityOfPage\":{\"@id\":\"https:\/\/floristes.cat\/es\/concurso-fotografia-navidad-con-premio-especial\/\"},\"wordCount\":153,\"commentCount\":0,\"publisher\":{\"@id\":\"https:\/\/floristes.cat\/#organization\"},\"image\":{\"@id\":\"https:\/\/floristes.cat\/es\/concurso-fotografia-navidad-con-premio-especial\/#primaryimage\"},\"thumbnailUrl\":\"https:\/\/floristes.cat\/wp-content\/uploads\/2020\/01\/concurs-arbre-de-nadal-2-1024x1024.jpg\",\"articleSection\":[\"Sin categorizar\"],\"inLanguage\":\"es\",\"potentialAction\":[{\"@type\":\"CommentAction\",\"name\":\"Comment\",\"target\":[\"https:\/\/floristes.cat\/es\/concurso-fotografia-navidad-con-premio-especial\/#respond\"]}]},{\"@type\":\"WebPage\",\"@id\":\"https:\/\/floristes.cat\/es\/concurso-fotografia-navidad-con-premio-especial\/\",\"url\":\"https:\/\/floristes.cat\/es\/concurso-fotografia-navidad-con-premio-especial\/\",\"name\":\"Concurso fotograf\u00eda Navidad con premio especial - Gremi de Floristes de Catalunya\",\"isPartOf\":{\"@id\":\"https:\/\/floristes.cat\/#website\"},\"primaryImageOfPage\":{\"@id\":\"https:\/\/floristes.cat\/es\/concurso-fotografia-navidad-con-premio-especial\/#primaryimage\"},\"image\":{\"@id\":\"https:\/\/floristes.cat\/es\/concurso-fotografia-navidad-con-premio-especial\/#primaryimage\"},\"thumbnailUrl\":\"https:\/\/floristes.cat\/wp-content\/uploads\/2020\/01\/concurs-arbre-de-nadal-2-1024x1024.jpg\",\"datePublished\":\"2020-01-14T10:36:06+00:00\",\"dateModified\":\"2020-01-14T10:36:17+00:00\",\"breadcrumb\":{\"@id\":\"https:\/\/floristes.cat\/es\/concurso-fotografia-navidad-con-premio-especial\/#breadcrumb\"},\"inLanguage\":\"es\",\"potentialAction\":[{\"@type\":\"ReadAction\",\"target\":[\"https:\/\/floristes.cat\/es\/concurso-fotografia-navidad-con-premio-especial\/\"]}]},{\"@type\":\"ImageObject\",\"inLanguage\":\"es\",\"@id\":\"https:\/\/floristes.cat\/es\/concurso-fotografia-navidad-con-premio-especial\/#primaryimage\",\"url\":\"https:\/\/floristes.cat\/wp-content\/uploads\/2020\/01\/concurs-arbre-de-nadal-2-1024x1024.jpg\",\"contentUrl\":\"https:\/\/floristes.cat\/wp-content\/uploads\/2020\/01\/concurs-arbre-de-nadal-2-1024x1024.jpg\"},{\"@type\":\"BreadcrumbList\",\"@id\":\"https:\/\/floristes.cat\/es\/concurso-fotografia-navidad-con-premio-especial\/#breadcrumb\",\"itemListElement\":[{\"@type\":\"ListItem\",\"position\":1,\"name\":\"Inici\",\"item\":\"https:\/\/floristes.cat\/es\/\"},{\"@type\":\"ListItem\",\"position\":2,\"name\":\"Concurso fotograf\u00eda Navidad con premio especial\"}]},{\"@type\":\"WebSite\",\"@id\":\"https:\/\/floristes.cat\/#website\",\"url\":\"https:\/\/floristes.cat\/\",\"name\":\"Gremi de Floristes de Catalunya\",\"description\":\"Empreses que treballen amb flors, plantes naturals i artificials, elements complementaris i afins.\",\"publisher\":{\"@id\":\"https:\/\/floristes.cat\/#organization\"},\"potentialAction\":[{\"@type\":\"SearchAction\",\"target\":{\"@type\":\"EntryPoint\",\"urlTemplate\":\"https:\/\/floristes.cat\/?s={search_term_string}\"},\"query-input\":{\"@type\":\"PropertyValueSpecification\",\"valueRequired\":true,\"valueName\":\"search_term_string\"}}],\"inLanguage\":\"es\"},{\"@type\":\"Organization\",\"@id\":\"https:\/\/floristes.cat\/#organization\",\"name\":\"Gremi de Floristes de Catalunya\",\"url\":\"https:\/\/floristes.cat\/\",\"logo\":{\"@type\":\"ImageObject\",\"inLanguage\":\"es\",\"@id\":\"https:\/\/floristes.cat\/#\/schema\/logo\/image\/\",\"url\":\"https:\/\/floristes.cat\/wp-content\/uploads\/2019\/10\/Logo_gremi_floristes_catalunya.png\",\"contentUrl\":\"https:\/\/floristes.cat\/wp-content\/uploads\/2019\/10\/Logo_gremi_floristes_catalunya.png\",\"width\":96,\"height\":199,\"caption\":\"Gremi de Floristes de Catalunya\"},\"image\":{\"@id\":\"https:\/\/floristes.cat\/#\/schema\/logo\/image\/\"},\"sameAs\":[\"https:\/\/www.facebook.com\/gremifloristes\/\",\"https:\/\/x.com\/GremiFloristesc\",\"https:\/\/instagram.com\/somfloristes?igshid=2kfzf7ep7g0q\"]},{\"@type\":\"Person\",\"@id\":\"https:\/\/floristes.cat\/#\/schema\/person\/145d6eee3b8074dd58dbbe60d5b07475\",\"name\":\"Dolors Roig\",\"image\":{\"@type\":\"ImageObject\",\"inLanguage\":\"es\",\"@id\":\"https:\/\/floristes.cat\/#\/schema\/person\/image\/\",\"url\":\"https:\/\/secure.gravatar.com\/avatar\/984c667afa4d1c3679555a4acf7852db82e6dbb397e6a451bd505d675c69bdd8?s=96&d=mm&r=g\",\"contentUrl\":\"https:\/\/secure.gravatar.com\/avatar\/984c667afa4d1c3679555a4acf7852db82e6dbb397e6a451bd505d675c69bdd8?s=96&d=mm&r=g\",\"caption\":\"Dolors Roig\"}}]}<\/script>\n<!-- \/ Yoast SEO plugin. -->","yoast_head_json":{"title":"Concurso fotograf\u00eda Navidad con premio especial - Gremi de Floristes de Catalunya","robots":{"index":"index","follow":"follow","max-snippet":"max-snippet:-1","max-image-preview":"max-image-preview:large","max-video-preview":"max-video-preview:-1"},"canonical":"https:\/\/floristes.cat\/es\/concurso-fotografia-navidad-con-premio-especial\/","og_locale":"es_ES","og_type":"article","og_title":"Concurso fotograf\u00eda Navidad con premio especial - Gremi de Floristes de Catalunya","og_description":"Esta Navidad el Gremio de Floristas ha realizado un nuevo concurso de fotograf\u00eda en Instagram para dinamizar la decoraci\u00f3n navide\u00f1a en comercios y casas particulares. Las bases del concurso eran muy sencillas: fotografiar el \u00e1rbol entero o un detalle de la decoraci\u00f3n. Recibimos numerosas fotograf\u00edas, algunos muy originales, otros m\u00e1s cl\u00e1sicos&#8230; Si quer\u00e9is ver todas &hellip;","og_url":"https:\/\/floristes.cat\/es\/concurso-fotografia-navidad-con-premio-especial\/","og_site_name":"Gremi de Floristes de Catalunya","article_publisher":"https:\/\/www.facebook.com\/gremifloristes\/","article_published_time":"2020-01-14T10:36:06+00:00","article_modified_time":"2020-01-14T10:36:17+00:00","og_image":[{"url":"https:\/\/floristes.cat\/wp-content\/uploads\/2020\/01\/concurs-arbre-de-nadal-2-1024x1024.jpg","type":"","width":"","height":""}],"author":"Dolors Roig","twitter_card":"summary_large_image","twitter_creator":"@GremiFloristesc","twitter_site":"@GremiFloristesc","twitter_misc":{"Escrito por":"Dolors Roig","Tiempo de lectura":"1 minuto"},"schema":{"@context":"https:\/\/schema.org","@graph":[{"@type":"Article","@id":"https:\/\/floristes.cat\/es\/concurso-fotografia-navidad-con-premio-especial\/#article","isPartOf":{"@id":"https:\/\/floristes.cat\/es\/concurso-fotografia-navidad-con-premio-especial\/"},"author":{"name":"Dolors Roig","@id":"https:\/\/floristes.cat\/#\/schema\/person\/145d6eee3b8074dd58dbbe60d5b07475"},"headline":"Concurso fotograf\u00eda Navidad con premio especial","datePublished":"2020-01-14T10:36:06+00:00","dateModified":"2020-01-14T10:36:17+00:00","mainEntityOfPage":{"@id":"https:\/\/floristes.cat\/es\/concurso-fotografia-navidad-con-premio-especial\/"},"wordCount":153,"commentCount":0,"publisher":{"@id":"https:\/\/floristes.cat\/#organization"},"image":{"@id":"https:\/\/floristes.cat\/es\/concurso-fotografia-navidad-con-premio-especial\/#primaryimage"},"thumbnailUrl":"https:\/\/floristes.cat\/wp-content\/uploads\/2020\/01\/concurs-arbre-de-nadal-2-1024x1024.jpg","articleSection":["Sin categorizar"],"inLanguage":"es","potentialAction":[{"@type":"CommentAction","name":"Comment","target":["https:\/\/floristes.cat\/es\/concurso-fotografia-navidad-con-premio-especial\/#respond"]}]},{"@type":"WebPage","@id":"https:\/\/floristes.cat\/es\/concurso-fotografia-navidad-con-premio-especial\/","url":"https:\/\/floristes.cat\/es\/concurso-fotografia-navidad-con-premio-especial\/","name":"Concurso fotograf\u00eda Navidad con premio especial - Gremi de Floristes de Catalunya","isPartOf":{"@id":"https:\/\/floristes.cat\/#website"},"primaryImageOfPage":{"@id":"https:\/\/floristes.cat\/es\/concurso-fotografia-navidad-con-premio-especial\/#primaryimage"},"image":{"@id":"https:\/\/floristes.cat\/es\/concurso-fotografia-navidad-con-premio-especial\/#primaryimage"},"thumbnailUrl":"https:\/\/floristes.cat\/wp-content\/uploads\/2020\/01\/concurs-arbre-de-nadal-2-1024x1024.jpg","datePublished":"2020-01-14T10:36:06+00:00","dateModified":"2020-01-14T10:36:17+00:00","breadcrumb":{"@id":"https:\/\/floristes.cat\/es\/concurso-fotografia-navidad-con-premio-especial\/#breadcrumb"},"inLanguage":"es","potentialAction":[{"@type":"ReadAction","target":["https:\/\/floristes.cat\/es\/concurso-fotografia-navidad-con-premio-especial\/"]}]},{"@type":"ImageObject","inLanguage":"es","@id":"https:\/\/floristes.cat\/es\/concurso-fotografia-navidad-con-premio-especial\/#primaryimage","url":"https:\/\/floristes.cat\/wp-content\/uploads\/2020\/01\/concurs-arbre-de-nadal-2-1024x1024.jpg","contentUrl":"https:\/\/floristes.cat\/wp-content\/uploads\/2020\/01\/concurs-arbre-de-nadal-2-1024x1024.jpg"},{"@type":"BreadcrumbList","@id":"https:\/\/floristes.cat\/es\/concurso-fotografia-navidad-con-premio-especial\/#breadcrumb","itemListElement":[{"@type":"ListItem","position":1,"name":"Inici","item":"https:\/\/floristes.cat\/es\/"},{"@type":"ListItem","position":2,"name":"Concurso fotograf\u00eda Navidad con premio especial"}]},{"@type":"WebSite","@id":"https:\/\/floristes.cat\/#website","url":"https:\/\/floristes.cat\/","name":"Gremi de Floristes de Catalunya","description":"Empreses que treballen amb flors, plantes naturals i artificials, elements complementaris i afins.","publisher":{"@id":"https:\/\/floristes.cat\/#organization"},"potentialAction":[{"@type":"SearchAction","target":{"@type":"EntryPoint","urlTemplate":"https:\/\/floristes.cat\/?s={search_term_string}"},"query-input":{"@type":"PropertyValueSpecification","valueRequired":true,"valueName":"search_term_string"}}],"inLanguage":"es"},{"@type":"Organization","@id":"https:\/\/floristes.cat\/#organization","name":"Gremi de Floristes de Catalunya","url":"https:\/\/floristes.cat\/","logo":{"@type":"ImageObject","inLanguage":"es","@id":"https:\/\/floristes.cat\/#\/schema\/logo\/image\/","url":"https:\/\/floristes.cat\/wp-content\/uploads\/2019\/10\/Logo_gremi_floristes_catalunya.png","contentUrl":"https:\/\/floristes.cat\/wp-content\/uploads\/2019\/10\/Logo_gremi_floristes_catalunya.png","width":96,"height":199,"caption":"Gremi de Floristes de Catalunya"},"image":{"@id":"https:\/\/floristes.cat\/#\/schema\/logo\/image\/"},"sameAs":["https:\/\/www.facebook.com\/gremifloristes\/","https:\/\/x.com\/GremiFloristesc","https:\/\/instagram.com\/somfloristes?igshid=2kfzf7ep7g0q"]},{"@type":"Person","@id":"https:\/\/floristes.cat\/#\/schema\/person\/145d6eee3b8074dd58dbbe60d5b07475","name":"Dolors Roig","image":{"@type":"ImageObject","inLanguage":"es","@id":"https:\/\/floristes.cat\/#\/schema\/person\/image\/","url":"https:\/\/secure.gravatar.com\/avatar\/984c667afa4d1c3679555a4acf7852db82e6dbb397e6a451bd505d675c69bdd8?s=96&d=mm&r=g","contentUrl":"https:\/\/secure.gravatar.com\/avatar\/984c667afa4d1c3679555a4acf7852db82e6dbb397e6a451bd505d675c69bdd8?s=96&d=mm&r=g","caption":"Dolors Roig"}}]}},"taxonomy_info":{"category":[{"value":5,"label":"Sin categorizar"}]},"featured_image_src_large":false,"author_info":{"display_name":"Dolors Roig","author_link":"https:\/\/floristes.cat\/es\/author\/gremifloristes\/"},"comment_info":1,"category_info":[{"term_id":5,"name":"Sin categorizar","slug":"sin-categorizar","term_group":0,"term_taxonomy_id":5,"taxonomy":"category","description":"","parent":0,"count":28,"filter":"raw","cat_ID":5,"category_count":28,"category_description":"","cat_name":"Sin categorizar","category_nicename":"sin-categorizar","category_parent":0}],"tag_info":false,"featured_image_src":null,"featured_image_src_square":null,"_links":{"self":[{"href":"https:\/\/floristes.cat\/es\/wp-json\/wp\/v2\/posts\/732","targetHints":{"allow":["GET"]}}],"collection":[{"href":"https:\/\/floristes.cat\/es\/wp-json\/wp\/v2\/posts"}],"about":[{"href":"https:\/\/floristes.cat\/es\/wp-json\/wp\/v2\/types\/post"}],"author":[{"embeddable":true,"href":"https:\/\/floristes.cat\/es\/wp-json\/wp\/v2\/users\/2"}],"replies":[{"embeddable":true,"href":"https:\/\/floristes.cat\/es\/wp-json\/wp\/v2\/comments?post=732"}],"version-history":[{"count":2,"href":"https:\/\/floristes.cat\/es\/wp-json\/wp\/v2\/posts\/732\/revisions"}],"predecessor-version":[{"id":746,"href":"https:\/\/floristes.cat\/es\/wp-json\/wp\/v2\/posts\/732\/revisions\/746"}],"wp:attachment":[{"href":"https:\/\/floristes.cat\/es\/wp-json\/wp\/v2\/media?parent=732"}],"wp:term":[{"taxonomy":"category","embeddable":true,"href":"https:\/\/floristes.cat\/es\/wp-json\/wp\/v2\/categories?post=732"},{"taxonomy":"post_tag","embeddable":true,"href":"https:\/\/floristes.cat\/es\/wp-json\/wp\/v2\/tags?post=732"}],"curies":[{"name":"wp","href":"https:\/\/api.w.org\/{rel}","templated":true}]}}